{"id":194,"date":"2012-07-14T21:10:55","date_gmt":"2012-07-14T21:10:55","guid":{"rendered":"http:\/\/anyma.ch\/blogs\/paysages-urbains\/?p=194"},"modified":"2012-07-29T06:25:57","modified_gmt":"2012-07-29T06:25:57","slug":"lumieres-a-la-friche","status":"publish","type":"post","link":"http:\/\/anyma.ch\/blogs\/paysages-urbains\/2012\/07\/lumieres-a-la-friche\/","title":{"rendered":"Lumi\u00e8res \u00e0 la friche"},"content":{"rendered":"<p>Cet \u00e9t\u00e9 n&rsquo;est pas des plus chaud, la pluie n&rsquo;est jamais tr\u00e8s loin et arrose de temps \u00e0 autre nos grillades. Mais ce ciel qui justement n&rsquo;est pas d&rsquo;un bleu uniforme nous gratifie de nuances et de couleurs extraordinaires\u2026<\/p>\n<p>Lumi\u00e8res \u00e0 la friche aujourd&rsquo;hui\u2026<a href=\"http:\/\/anyma.ch\/blogs\/paysages-urbains\/wp-content\/uploads\/2012\/07\/IMG_18821.jpg\"><img loading=\"lazy\" decoding=\"async\" class=\"aligncenter size-large wp-image-195\" title=\"IMG_1882\" src=\"http:\/\/anyma.ch\/blogs\/paysages-urbains\/wp-content\/uploads\/2012\/07\/IMG_18821-1024x764.jpg\" alt=\"\" width=\"500\" height=\"373\" srcset=\"http:\/\/anyma.ch\/blogs\/paysages-urbains\/wp-content\/uploads\/2012\/07\/IMG_18821-1024x764.jpg 1024w, http:\/\/anyma.ch\/blogs\/paysages-urbains\/wp-content\/uploads\/2012\/07\/IMG_18821-300x224.jpg 300w\" sizes=\"(max-width: 500px) 100vw, 500px\" \/><\/a><\/p>\n<p>La Tour Vagabonde au lev\u00e9 du soleil<\/p>\n<p>\u2026 et quelques photos prisent ce soir<a href=\"http:\/\/anyma.ch\/blogs\/paysages-urbains\/wp-content\/uploads\/2012\/07\/IMG_1902.jpg\"><img loading=\"lazy\" decoding=\"async\" class=\"aligncenter size-large wp-image-205\" title=\"IMG_1902\" src=\"http:\/\/anyma.ch\/blogs\/paysages-urbains\/wp-content\/uploads\/2012\/07\/IMG_1902-764x1024.jpg\" alt=\"\" width=\"500\" height=\"670\" srcset=\"http:\/\/anyma.ch\/blogs\/paysages-urbains\/wp-content\/uploads\/2012\/07\/IMG_1902-764x1024.jpg 764w, http:\/\/anyma.ch\/blogs\/paysages-urbains\/wp-content\/uploads\/2012\/07\/IMG_1902-224x300.jpg 224w, http:\/\/anyma.ch\/blogs\/paysages-urbains\/wp-content\/uploads\/2012\/07\/IMG_1902.jpg 1936w\" sizes=\"(max-width: 500px) 100vw, 500px\" \/><\/a><a href=\"http:\/\/anyma.ch\/blogs\/paysages-urbains\/wp-content\/uploads\/2012\/07\/IMG_19171.jpg\"><img loading=\"lazy\" decoding=\"async\" class=\"aligncenter size-large wp-image-240\" title=\"IMG_1917\" src=\"http:\/\/anyma.ch\/blogs\/paysages-urbains\/wp-content\/uploads\/2012\/07\/IMG_19171-1024x764.jpg\" alt=\"\" width=\"500\" height=\"373\" srcset=\"http:\/\/anyma.ch\/blogs\/paysages-urbains\/wp-content\/uploads\/2012\/07\/IMG_19171-1024x764.jpg 1024w, http:\/\/anyma.ch\/blogs\/paysages-urbains\/wp-content\/uploads\/2012\/07\/IMG_19171-300x224.jpg 300w\" sizes=\"(max-width: 500px) 100vw, 500px\" \/><\/a><a href=\"http:\/\/anyma.ch\/blogs\/paysages-urbains\/wp-content\/uploads\/2012\/07\/IMG_19162.jpg\"><img loading=\"lazy\" decoding=\"async\" class=\"aligncenter size-large wp-image-246\" title=\"IMG_1916\" src=\"http:\/\/anyma.ch\/blogs\/paysages-urbains\/wp-content\/uploads\/2012\/07\/IMG_19162-1024x764.jpg\" alt=\"\" width=\"500\" height=\"373\" srcset=\"http:\/\/anyma.ch\/blogs\/paysages-urbains\/wp-content\/uploads\/2012\/07\/IMG_19162-1024x764.jpg 1024w, http:\/\/anyma.ch\/blogs\/paysages-urbains\/wp-content\/uploads\/2012\/07\/IMG_19162-300x224.jpg 300w\" sizes=\"(max-width: 500px) 100vw, 500px\" \/><\/a><a href=\"http:\/\/anyma.ch\/blogs\/paysages-urbains\/wp-content\/uploads\/2012\/07\/IMG_19132.jpg\"><img loading=\"lazy\" decoding=\"async\" class=\"aligncenter size-large wp-image-247\" title=\"IMG_1913\" src=\"http:\/\/anyma.ch\/blogs\/paysages-urbains\/wp-content\/uploads\/2012\/07\/IMG_19132-1024x764.jpg\" alt=\"\" width=\"500\" height=\"373\" srcset=\"http:\/\/anyma.ch\/blogs\/paysages-urbains\/wp-content\/uploads\/2012\/07\/IMG_19132-1024x764.jpg 1024w, http:\/\/anyma.ch\/blogs\/paysages-urbains\/wp-content\/uploads\/2012\/07\/IMG_19132-300x224.jpg 300w\" sizes=\"(max-width: 500px) 100vw, 500px\" \/><\/a><\/p>\n<p><a href=\"http:\/\/anyma.ch\/blogs\/paysages-urbains\/wp-content\/uploads\/2012\/07\/IMG_18991.jpg\"><img loading=\"lazy\" decoding=\"async\" class=\"aligncenter size-large wp-image-198\" title=\"IMG_1899\" src=\"http:\/\/anyma.ch\/blogs\/paysages-urbains\/wp-content\/uploads\/2012\/07\/IMG_18991-764x1024.jpg\" alt=\"\" width=\"500\" height=\"670\" srcset=\"http:\/\/anyma.ch\/blogs\/paysages-urbains\/wp-content\/uploads\/2012\/07\/IMG_18991-764x1024.jpg 764w, http:\/\/anyma.ch\/blogs\/paysages-urbains\/wp-content\/uploads\/2012\/07\/IMG_18991-224x300.jpg 224w, http:\/\/anyma.ch\/blogs\/paysages-urbains\/wp-content\/uploads\/2012\/07\/IMG_18991.jpg 1936w\" sizes=\"(max-width: 500px) 100vw, 500px\" \/><\/a><\/p>\n<p><a href=\"http:\/\/anyma.ch\/blogs\/paysages-urbains\/wp-content\/uploads\/2012\/07\/IMG_19031.jpg\"><img loading=\"lazy\" decoding=\"async\" class=\"aligncenter size-large wp-image-255\" title=\"IMG_1903\" src=\"http:\/\/anyma.ch\/blogs\/paysages-urbains\/wp-content\/uploads\/2012\/07\/IMG_19031-764x1024.jpg\" alt=\"\" width=\"500\" height=\"670\" srcset=\"http:\/\/anyma.ch\/blogs\/paysages-urbains\/wp-content\/uploads\/2012\/07\/IMG_19031-764x1024.jpg 764w, http:\/\/anyma.ch\/blogs\/paysages-urbains\/wp-content\/uploads\/2012\/07\/IMG_19031-224x300.jpg 224w, http:\/\/anyma.ch\/blogs\/paysages-urbains\/wp-content\/uploads\/2012\/07\/IMG_19031.jpg 1936w\" sizes=\"(max-width: 500px) 100vw, 500px\" \/><\/a><a href=\"http:\/\/anyma.ch\/blogs\/paysages-urbains\/wp-content\/uploads\/2012\/07\/IMG_19053.jpg\"><img loading=\"lazy\" decoding=\"async\" class=\"aligncenter size-large wp-image-260\" title=\"IMG_1905\" src=\"http:\/\/anyma.ch\/blogs\/paysages-urbains\/wp-content\/uploads\/2012\/07\/IMG_19053-764x1024.jpg\" alt=\"\" width=\"500\" height=\"670\" srcset=\"http:\/\/anyma.ch\/blogs\/paysages-urbains\/wp-content\/uploads\/2012\/07\/IMG_19053-764x1024.jpg 764w, http:\/\/anyma.ch\/blogs\/paysages-urbains\/wp-content\/uploads\/2012\/07\/IMG_19053-224x300.jpg 224w, http:\/\/anyma.ch\/blogs\/paysages-urbains\/wp-content\/uploads\/2012\/07\/IMG_19053.jpg 1936w\" sizes=\"(max-width: 500px) 100vw, 500px\" \/><\/a><a href=\"http:\/\/anyma.ch\/blogs\/paysages-urbains\/wp-content\/uploads\/2012\/07\/IMG_19063.jpg\"><img loading=\"lazy\" decoding=\"async\" class=\"aligncenter size-large wp-image-261\" title=\"IMG_1906\" src=\"http:\/\/anyma.ch\/blogs\/paysages-urbains\/wp-content\/uploads\/2012\/07\/IMG_19063-764x1024.jpg\" alt=\"\" width=\"500\" height=\"670\" srcset=\"http:\/\/anyma.ch\/blogs\/paysages-urbains\/wp-content\/uploads\/2012\/07\/IMG_19063-764x1024.jpg 764w, http:\/\/anyma.ch\/blogs\/paysages-urbains\/wp-content\/uploads\/2012\/07\/IMG_19063-224x300.jpg 224w, http:\/\/anyma.ch\/blogs\/paysages-urbains\/wp-content\/uploads\/2012\/07\/IMG_19063.jpg 1936w\" sizes=\"(max-width: 500px) 100vw, 500px\" \/><\/a><a href=\"http:\/\/anyma.ch\/blogs\/paysages-urbains\/wp-content\/uploads\/2012\/07\/IMG_19182.jpg\"><img loading=\"lazy\" decoding=\"async\" class=\"aligncenter size-large wp-image-262\" title=\"IMG_1918\" src=\"http:\/\/anyma.ch\/blogs\/paysages-urbains\/wp-content\/uploads\/2012\/07\/IMG_19182-764x1024.jpg\" alt=\"\" width=\"500\" height=\"670\" srcset=\"http:\/\/anyma.ch\/blogs\/paysages-urbains\/wp-content\/uploads\/2012\/07\/IMG_19182-764x1024.jpg 764w, http:\/\/anyma.ch\/blogs\/paysages-urbains\/wp-content\/uploads\/2012\/07\/IMG_19182-224x300.jpg 224w, http:\/\/anyma.ch\/blogs\/paysages-urbains\/wp-content\/uploads\/2012\/07\/IMG_19182.jpg 1936w\" sizes=\"(max-width: 500px) 100vw, 500px\" \/><\/a><a href=\"http:\/\/anyma.ch\/blogs\/paysages-urbains\/wp-content\/uploads\/2012\/07\/IMG_19222.jpg\"><img loading=\"lazy\" decoding=\"async\" class=\"aligncenter size-large wp-image-263\" title=\"IMG_1922\" src=\"http:\/\/anyma.ch\/blogs\/paysages-urbains\/wp-content\/uploads\/2012\/07\/IMG_19222-764x1024.jpg\" alt=\"\" width=\"500\" height=\"670\" srcset=\"http:\/\/anyma.ch\/blogs\/paysages-urbains\/wp-content\/uploads\/2012\/07\/IMG_19222-764x1024.jpg 764w, http:\/\/anyma.ch\/blogs\/paysages-urbains\/wp-content\/uploads\/2012\/07\/IMG_19222-224x300.jpg 224w, http:\/\/anyma.ch\/blogs\/paysages-urbains\/wp-content\/uploads\/2012\/07\/IMG_19222.jpg 1936w\" sizes=\"(max-width: 500px) 100vw, 500px\" \/><\/a><a href=\"http:\/\/anyma.ch\/blogs\/paysages-urbains\/wp-content\/uploads\/2012\/07\/IMG_19272.jpg\"><img loading=\"lazy\" decoding=\"async\" class=\"aligncenter size-large wp-image-264\" title=\"IMG_1927\" src=\"http:\/\/anyma.ch\/blogs\/paysages-urbains\/wp-content\/uploads\/2012\/07\/IMG_19272-1024x764.jpg\" alt=\"\" width=\"500\" height=\"373\" srcset=\"http:\/\/anyma.ch\/blogs\/paysages-urbains\/wp-content\/uploads\/2012\/07\/IMG_19272-1024x764.jpg 1024w, http:\/\/anyma.ch\/blogs\/paysages-urbains\/wp-content\/uploads\/2012\/07\/IMG_19272-300x224.jpg 300w\" sizes=\"(max-width: 500px) 100vw, 500px\" \/><\/a><\/p>\n","protected":false},"excerpt":{"rendered":"<p>Cet \u00e9t\u00e9 n&rsquo;est pas des plus chaud, la pluie n&rsquo;est jamais tr\u00e8s loin et arrose de temps \u00e0 autre nos grillades. Mais ce ciel qui justement n&rsquo;est pas d&rsquo;un bleu uniforme nous gratifie de nuances et de couleurs extraordinaires\u2026 Lumi\u00e8res \u00e0 la friche aujourd&rsquo;hui\u2026 La Tour Vagabonde au lev\u00e9 du soleil \u2026 et quelques photos [&hellip;]<\/p>\n","protected":false},"author":2,"featured_media":0,"comment_status":"open","ping_status":"open","sticky":false,"template":"","format":"standard","meta":{"footnotes":""},"categories":[1],"tags":[34,32,33],"_links":{"self":[{"href":"http:\/\/anyma.ch\/blogs\/paysages-urbains\/wp-json\/wp\/v2\/posts\/194"}],"collection":[{"href":"http:\/\/anyma.ch\/blogs\/paysages-urbains\/wp-json\/wp\/v2\/posts"}],"about":[{"href":"http:\/\/anyma.ch\/blogs\/paysages-urbains\/wp-json\/wp\/v2\/types\/post"}],"author":[{"embeddable":true,"href":"http:\/\/anyma.ch\/blogs\/paysages-urbains\/wp-json\/wp\/v2\/users\/2"}],"replies":[{"embeddable":true,"href":"http:\/\/anyma.ch\/blogs\/paysages-urbains\/wp-json\/wp\/v2\/comments?post=194"}],"version-history":[{"count":5,"href":"http:\/\/anyma.ch\/blogs\/paysages-urbains\/wp-json\/wp\/v2\/posts\/194\/revisions"}],"predecessor-version":[{"id":267,"href":"http:\/\/anyma.ch\/blogs\/paysages-urbains\/wp-json\/wp\/v2\/posts\/194\/revisions\/267"}],"wp:attachment":[{"href":"http:\/\/anyma.ch\/blogs\/paysages-urbains\/wp-json\/wp\/v2\/media?parent=194"}],"wp:term":[{"taxonomy":"category","embeddable":true,"href":"http:\/\/anyma.ch\/blogs\/paysages-urbains\/wp-json\/wp\/v2\/categories?post=194"},{"taxonomy":"post_tag","embeddable":true,"href":"http:\/\/anyma.ch\/blogs\/paysages-urbains\/wp-json\/wp\/v2\/tags?post=194"}],"curies":[{"name":"wp","href":"https:\/\/api.w.org\/{rel}","templated":true}]}}