{"id":50,"date":"2012-04-06T14:48:05","date_gmt":"2012-04-06T14:48:05","guid":{"rendered":"http:\/\/anyma.ch\/blogs\/paysages-urbains\/?p=50"},"modified":"2012-07-29T06:31:00","modified_gmt":"2012-07-29T06:31:00","slug":"il-y-a-une-annee-et-demi-je-lancais-une-bouteille-a-la-mer","status":"publish","type":"post","link":"http:\/\/anyma.ch\/blogs\/paysages-urbains\/2012\/04\/il-y-a-une-annee-et-demi-je-lancais-une-bouteille-a-la-mer\/","title":{"rendered":"Il y a une ann\u00e9e et demi je lan\u00e7ais une bouteille \u00e0 la mer\u2026"},"content":{"rendered":"<p>\u2026ou plut\u00f4t j\u2019essayais de formuler par \u00e9crit des r\u00eaves et des id\u00e9es qui me trottaient dans la t\u00eate depuis fort longtemps. J\u2019avais d\u00e9j\u00e0 commenc\u00e9 \u00e0 lancer quelques graines dans la t\u00eate de certains de mes amis mais j\u2019avais besoin de faire un pas de plus et de d\u00e9velopper un peu plus mon envie de festival itin\u00e9rant, nomade, forain.<\/p>\n<p><a href=\"http:\/\/anyma.ch\/blogs\/paysages-urbains\/wp-content\/uploads\/2012\/04\/IMG_6664-copie.jpg\"><img loading=\"lazy\" decoding=\"async\" class=\"alignleft size-medium wp-image-55\" title=\"IMG_6664 - copie\" src=\"http:\/\/anyma.ch\/blogs\/paysages-urbains\/wp-content\/uploads\/2012\/04\/IMG_6664-copie-300x200.jpg\" alt=\"\" width=\"300\" height=\"200\" srcset=\"http:\/\/anyma.ch\/blogs\/paysages-urbains\/wp-content\/uploads\/2012\/04\/IMG_6664-copie-300x200.jpg 300w, http:\/\/anyma.ch\/blogs\/paysages-urbains\/wp-content\/uploads\/2012\/04\/IMG_6664-copie-1024x682.jpg 1024w\" sizes=\"(max-width: 300px) 100vw, 300px\" \/><\/a><\/p>\n<p>Ce n\u2019\u00e9tait qu\u2019un projet, un besoin, tr\u00e8s loin d\u2019\u00eatre concret mais je ressentais la n\u00e9cessit\u00e9 de le poser l\u00e0 o\u00f9 il en \u00e9tait et de le donner \u00e0 quelques personnes susceptibles \u00eatre int\u00e9ress\u00e9s histoire de voir s\u2019il y a un terrain pour de tels r\u00eaves, suis-je seule ou est-ce qu\u2019il y a quelque chose dans l\u2019air en ce moment qui fait que ces r\u00eaves sont partag\u00e9s et que l\u2019on pourrait construire ensemble quelque chose. En fait, je sais que je suis loin d\u2019\u00eatre seule, nous sommes des multitudes \u00e0 \u0153uvrer \u00e0 notre \u00e9chelle, \u00e0 notre mani\u00e8re, avec nos modestes projets dans notre environnement quotidien pour un monde plus respectueux de la terre et des \u00eatres qui la peuple, un monde lib\u00e9r\u00e9 de la tyrannie du march\u00e9 mondialis\u00e9. Nous ne sommes pas seuls, nous sommes les 99% comme l\u2019affirmait les indign\u00e9s d\u2019Occupy Wall Street. Nous ne sommes pas seuls, nous sommes des multitudes nous devons juste nourrir l\u2019imaginaire. Souvent j\u2019ai l\u2019impression que l\u2019imaginaire est ce qui manque le plus \u00e0 notre soci\u00e9t\u00e9, l\u2019imaginaire appartient \u00e0 l\u2019\u00eatre et nous sommes dans une logique de l\u2019avoir qui le st\u00e9rilise. L\u2019imaginaire est en fait simplement un regard \u00e9largit et curieux, une capacit\u00e9 de trouver des failles dans l\u2019apparence herm\u00e9tique des choses pour y planter des graines et \u00e9largir l\u2019espace, c\u2019est le petit pas de c\u00f4t\u00e9 qui r\u00e9v\u00e8le milles possibles au-del\u00e0 des fa\u00e7ades mornes.<\/p>\n<div id=\"attachment_57\" style=\"width: 310px\" class=\"wp-caption aligncenter\"><a href=\"http:\/\/anyma.ch\/blogs\/paysages-urbains\/wp-content\/uploads\/2012\/04\/IMG_3294-copie.jpg\"><img loading=\"lazy\" decoding=\"async\" aria-describedby=\"caption-attachment-57\" class=\"size-medium wp-image-57\" title=\"IMG_3294 - copie\" src=\"http:\/\/anyma.ch\/blogs\/paysages-urbains\/wp-content\/uploads\/2012\/04\/IMG_3294-copie-300x200.jpg\" alt=\"\" width=\"300\" height=\"200\" srcset=\"http:\/\/anyma.ch\/blogs\/paysages-urbains\/wp-content\/uploads\/2012\/04\/IMG_3294-copie-300x200.jpg 300w, http:\/\/anyma.ch\/blogs\/paysages-urbains\/wp-content\/uploads\/2012\/04\/IMG_3294-copie-1024x682.jpg 1024w\" sizes=\"(max-width: 300px) 100vw, 300px\" \/><\/a><p id=\"caption-attachment-57\" class=\"wp-caption-text\">Graff qui se trouvait dans un lieu \u00e0 2 pas de chez moi, lieu disparu aujourd&#39;hui et qu&#39;on appelait Brooklyn.<\/p><\/div>\n<p>Une phrase d\u2019Amin Maalouf m\u2019accompagne, il faudrait que je la retrouve pr\u00e9cis\u00e9ment mais en substance elle dit: \u201cQuand je pense le monde d\u2019un point de vue rationnel, tout me porte \u00e0 croire que nous courons \u00e0 notre perte, mais quand je pense le monde d\u2019un point de vue \u00e9motionnel, tout me pousse \u00e0 croire que l\u2019on va s\u2019en sortir.\u201d Il est \u00e9vident que l\u2019avenir s\u2019annonce sombre mais l\u2019histoire est pleine de micros \u00e9v\u00e9nements totalement impr\u00e9visibles et qui pourtant ont chang\u00e9 le cours des choses. L\u2019une des histoire qui m\u2019a le plus fascin\u00e9 est celle de <a href=\"http:\/\/fr.wikipedia.org\/wiki\/Mathias_Rust\">Mathias Rust <\/a>qui \u00e0 20 ans \u00e0 peine \u00e0 r\u00e9ussi \u00e0 pos\u00e9 son petit avion Cessna sur la Place Rouge en 1987, en pleine guerre froide. Gorbatchev a profit\u00e9 de cet \u00e9v\u00e9nement et du discr\u00e9dit que ce geste \u00e0 jet\u00e9 sur l\u2019arm\u00e9e rouge pour \u00e9vincer les durs du r\u00e9gime. L\u2019histoire c\u2019est pr\u00e9cipit\u00e9 et 2 ans plus tard le mur de Berlin est tomb\u00e9. Pour certains analystes, l\u2019acte de Mathias Rust est la premi\u00e8re pi\u00e8ce du domino qui a entrain\u00e9 la chute du mur\u2026Aussi noir que puisse s\u2019annoncer l\u2019avenir le changement reste possible.<\/p>\n<p>A mon \u00e9chelle, tr\u00e8s modestement, je r\u00eavais d\u2019un festival itin\u00e9rant.<\/p>\n<div id=\"attachment_54\" style=\"width: 310px\" class=\"wp-caption aligncenter\"><a href=\"http:\/\/anyma.ch\/blogs\/paysages-urbains\/wp-content\/uploads\/2012\/04\/IMG_6447-copie1.jpg\"><img loading=\"lazy\" decoding=\"async\" aria-describedby=\"caption-attachment-54\" class=\"size-medium wp-image-54\" title=\"IMG_6447 - copie\" src=\"http:\/\/anyma.ch\/blogs\/paysages-urbains\/wp-content\/uploads\/2012\/04\/IMG_6447-copie1-300x200.jpg\" alt=\"\" width=\"300\" height=\"200\" srcset=\"http:\/\/anyma.ch\/blogs\/paysages-urbains\/wp-content\/uploads\/2012\/04\/IMG_6447-copie1-300x200.jpg 300w, http:\/\/anyma.ch\/blogs\/paysages-urbains\/wp-content\/uploads\/2012\/04\/IMG_6447-copie1-1024x682.jpg 1024w\" sizes=\"(max-width: 300px) 100vw, 300px\" \/><\/a><p id=\"caption-attachment-54\" class=\"wp-caption-text\">BuskersTV -Berne 2007<\/p><\/div>\n<p>Un festival forain, nomade, itin\u00e9rant\u2026<br \/>\nJe ne sais pas trop comment qualifier ce festival\u2026 J\u2019aime dire de notre <a href=\"http:\/\/www.anyma.ch\/streetv\/\">t\u00e9l\u00e9vision de rue<\/a> qu\u2019elle est foraine, \u00e0 cause de l\u2019id\u00e9e nomade, mais aussi pour l\u2019image de f\u00eate populaire. Et puis, comme pour les autos-tamponneuses ou le tire pipe, la t\u00e9l\u00e9 est quelque chose que les gens doivent s\u2019approprier, ce n\u2019est pas un spectacle, c\u2019est un truc \u00e0 faire. Si les gens ne participent pas, l\u2019\u00e9v\u00e8nement est vid\u00e9 de son sens. Je pense que pour un festival cette image foraine ou celle d\u2019une sorte de cirque pourrait \u00eatre reprise. J\u2019aime bien jouer avec la symbolique de la caravane-urbaine, celle de la poussi\u00e8re des routes et du vent qui \u00e9veille l\u2019imaginaire, \u00e9largi la pens\u00e9e et lib\u00e8re les \u00e9nergies cr\u00e9atives.<br \/>\nJ\u2019imagine un festival d\u2019arts vivants et d\u2019arts urbains avec des interventions dans l\u2019espace public mais aussi un centre, un c\u0153ur au festival. Un lieu de vie aussi avec un bistro, un lieu accueillant et chaleureux.<\/p>\n<p>Ce lieu du festival pourrait \u00eatre un lieu d\u00e9saffect\u00e9-r\u00e9investi, genre friche industriel ou b\u00e2timent d\u00e9saffect\u00e9 ou vou\u00e9 \u00e0 une d\u00e9molition prochaine qui serait \u00e0 trouver \u00e0 chaque \u00e9tape. Ce pourrait \u00eatre aussi une structure mobile compl\u00e8te.<\/p>\n<p>Programmation<br \/>\nJ\u2019imagine une programmation qui accueille des cr\u00e9ations qui aillent de travaux engag\u00e9s \u00e0 de la po\u00e9sie \u00e0 l\u2019\u00e9tat pur. Un festival qui donne mati\u00e8re \u00e0 r\u00e9fl\u00e9chir mais aussi qui ouvre les portes de l\u2019imaginaire, qui fait r\u00eaver, donne de l\u2019\u00e9nergie et g\u00e9n\u00e8re des utopies.<br \/>\nJe ne vois pas non plus de restrictions quant aux disciplines ou formes artistiques. A c\u00f4t\u00e9 de cela, j\u2019imagine aussi une programmation au c\u0153ur du festival avec des spectacles, des concerts, projections, performances, expo, d\u00e9bats, ateliers etc\u2026 J\u2019aimerais des propositions qui impliquent les gens. Des choses interactives, des ateliers avec des bricoleurs, des architectes, des urbanistes, des apiculteurs et des jardiniers urbains, des artistes, des biologistes, des personnes qui mettent leurs cr\u00e9ations en open source. Proposer des ateliers de cr\u00e9ation de jardins potagers verticaux ou autres formes de cultures urbaines. Cartographier des fissures, faire de la confiture avec les fruits de la ville et lancer des \u201cbombes vertes\u201d ces bombes compos\u00e9es de boue et de graines lanc\u00e9es ici et l\u00e0 dans les interstices urbains o\u00f9 elles pourraient germer. Impliquer le public c&rsquo;est aussi le sortir du r\u00f4le passif de consommateur de culture en ne montrant que des \u0153uvres achev\u00e9es.\u00a0 Il peut \u00eatre impliqu\u00e9 dans le chemin, dans le processus et les \u0153uvres peuvent \u00eatre en mouvement. J&rsquo;aimerais aussi des propositions entre ce qui est reconnu comme \u201cart\u201d et autre chose, des propositions aux fronti\u00e8res des genres qui ailles de l\u2019\u00e9merveillement \u00e0 l\u2019engagement, du po\u00e9tique au politique, du rire aux larmes.<\/p>\n<p>&nbsp;<\/p>\n<p>&nbsp;<\/p>\n","protected":false},"excerpt":{"rendered":"<p>\u2026ou plut\u00f4t j\u2019essayais de formuler par \u00e9crit des r\u00eaves et des id\u00e9es qui me trottaient dans la t\u00eate depuis fort longtemps. J\u2019avais d\u00e9j\u00e0 commenc\u00e9 \u00e0 lancer quelques graines dans la t\u00eate de certains de mes amis mais j\u2019avais besoin de faire un pas de plus et de d\u00e9velopper un peu plus mon envie de festival [&hellip;]<\/p>\n","protected":false},"author":2,"featured_media":0,"comment_status":"open","ping_status":"open","sticky":false,"template":"","format":"standard","meta":{"footnotes":""},"categories":[1],"tags":[35,25,26,27,24,28],"_links":{"self":[{"href":"http:\/\/anyma.ch\/blogs\/paysages-urbains\/wp-json\/wp\/v2\/posts\/50"}],"collection":[{"href":"http:\/\/anyma.ch\/blogs\/paysages-urbains\/wp-json\/wp\/v2\/posts"}],"about":[{"href":"http:\/\/anyma.ch\/blogs\/paysages-urbains\/wp-json\/wp\/v2\/types\/post"}],"author":[{"embeddable":true,"href":"http:\/\/anyma.ch\/blogs\/paysages-urbains\/wp-json\/wp\/v2\/users\/2"}],"replies":[{"embeddable":true,"href":"http:\/\/anyma.ch\/blogs\/paysages-urbains\/wp-json\/wp\/v2\/comments?post=50"}],"version-history":[{"count":12,"href":"http:\/\/anyma.ch\/blogs\/paysages-urbains\/wp-json\/wp\/v2\/posts\/50\/revisions"}],"predecessor-version":[{"id":52,"href":"http:\/\/anyma.ch\/blogs\/paysages-urbains\/wp-json\/wp\/v2\/posts\/50\/revisions\/52"}],"wp:attachment":[{"href":"http:\/\/anyma.ch\/blogs\/paysages-urbains\/wp-json\/wp\/v2\/media?parent=50"}],"wp:term":[{"taxonomy":"category","embeddable":true,"href":"http:\/\/anyma.ch\/blogs\/paysages-urbains\/wp-json\/wp\/v2\/categories?post=50"},{"taxonomy":"post_tag","embeddable":true,"href":"http:\/\/anyma.ch\/blogs\/paysages-urbains\/wp-json\/wp\/v2\/tags?post=50"}],"curies":[{"name":"wp","href":"https:\/\/api.w.org\/{rel}","templated":true}]}}