{"id":65,"date":"2012-04-09T10:46:39","date_gmt":"2012-04-09T10:46:39","guid":{"rendered":"http:\/\/anyma.ch\/blogs\/paysages-urbains\/?p=65"},"modified":"2012-07-12T06:53:04","modified_gmt":"2012-07-12T06:53:04","slug":"cesser-de-raser-pour-tout-reconstruire","status":"publish","type":"post","link":"http:\/\/anyma.ch\/blogs\/paysages-urbains\/2012\/04\/cesser-de-raser-pour-tout-reconstruire\/","title":{"rendered":"Cesser de raser pour tout reconstruire"},"content":{"rendered":"<p><a href=\"http:\/\/anyma.ch\/blogs\/paysages-urbains\/wp-content\/uploads\/2012\/04\/IMG_0045.jpg\"><img loading=\"lazy\" decoding=\"async\" class=\"alignleft size-medium wp-image-66\" title=\"IMG_0045\" src=\"http:\/\/anyma.ch\/blogs\/paysages-urbains\/wp-content\/uploads\/2012\/04\/IMG_0045-300x224.jpg\" alt=\"\" width=\"300\" height=\"224\" srcset=\"http:\/\/anyma.ch\/blogs\/paysages-urbains\/wp-content\/uploads\/2012\/04\/IMG_0045-300x224.jpg 300w, http:\/\/anyma.ch\/blogs\/paysages-urbains\/wp-content\/uploads\/2012\/04\/IMG_0045-1024x764.jpg 1024w\" sizes=\"(max-width: 300px) 100vw, 300px\" \/><\/a>Il y a un mythe tr\u00e8s occidental qui glorifie celui qui est parti de rien et qui r\u00e9ussi brillamment, du conqu\u00e9rant qui transforme des terres sauvages en cultures \u00e0 perte de vue, du g\u00e9nie, de l\u2019inventeur qui, de son seul cerveau \u00e9nonce une d\u00e9couverte capable de faire avancer si ce n\u2019est le monde du moins la science. Mais voil\u00e0, petit probl\u00e8me \u00e0 cet esprit conqu\u00e9rant: les terres sauvages sont habit\u00e9es de peuples indig\u00e8nes, les for\u00eats vierges sont des r\u00e9servoirs de biodiversit\u00e9, les d\u00e9couvertes s\u2019\u00e9laborent la plus part du temps \u00e0 partir de d\u00e9couvertes ant\u00e9rieures et, en milieux urbains, beaucoup de centres commerciaux sont construit sur d\u2019anciens quartiers ou des friches ras\u00e9es. Rares sont les conqu\u00eates et les constructions qui n\u2019ont pas commencer par raser\u00a0\u00a0une part de notre <a href=\"http:\/\/anyma.ch\/blogs\/paysages-urbains\/wp-content\/uploads\/2012\/04\/DSC03281-copie.jpg\"><img loading=\"lazy\" decoding=\"async\" class=\"alignright size-medium wp-image-67\" title=\"DSC03281 - copie\" src=\"http:\/\/anyma.ch\/blogs\/paysages-urbains\/wp-content\/uploads\/2012\/04\/DSC03281-copie-300x225.jpg\" alt=\"\" width=\"300\" height=\"225\" srcset=\"http:\/\/anyma.ch\/blogs\/paysages-urbains\/wp-content\/uploads\/2012\/04\/DSC03281-copie-300x225.jpg 300w, http:\/\/anyma.ch\/blogs\/paysages-urbains\/wp-content\/uploads\/2012\/04\/DSC03281-copie-1024x768.jpg 1024w, http:\/\/anyma.ch\/blogs\/paysages-urbains\/wp-content\/uploads\/2012\/04\/DSC03281-copie.jpg 2048w\" sizes=\"(max-width: 300px) 100vw, 300px\" \/><\/a>patrimoine .\u201cRaser pour reconstruire\u201d appartient au radicalisme arrogant des pouvoirs abusifs qu\u2019il soient d\u00e9tenus par les ma\u00eetres du monde ou par des roitelets locaux \u00e9lus ou juch\u00e9s sur juste ce qu&rsquo;il faut de pouvoir\u00a0 pour leur donner un peu de hauteur et l&rsquo;arrogance de celui qui sait mieux que les autres et \u00e0 la place des autres. Des paveurs de bonnes intentions ou profiteurs de toutes sortes qui nous dessine l\u2019enfer, ou, en tout cas, le r\u00e8gne du tout marchant et de\u00a0\u00a0la tyrannie de la mondialisation. Que ce soit au nom du profit, du progr\u00e8s ou de belles croyances nous ne cessons d\u2019\u00eatre t\u00e9moins des blessures, des crimes et des drames humains, sociaux, et \u00e9cologiques de l\u2019id\u00e9ologie du \u201craser pour mieux reconstruire\u201d.<\/p>\n<p><a href=\"http:\/\/anyma.ch\/blogs\/paysages-urbains\/wp-content\/uploads\/2012\/04\/DSC03295-copie.jpg\"><img loading=\"lazy\" decoding=\"async\" class=\"alignright size-medium wp-image-68\" title=\"DSC03295 - copie\" src=\"http:\/\/anyma.ch\/blogs\/paysages-urbains\/wp-content\/uploads\/2012\/04\/DSC03295-copie-300x225.jpg\" alt=\"\" width=\"300\" height=\"225\" srcset=\"http:\/\/anyma.ch\/blogs\/paysages-urbains\/wp-content\/uploads\/2012\/04\/DSC03295-copie-300x225.jpg 300w, http:\/\/anyma.ch\/blogs\/paysages-urbains\/wp-content\/uploads\/2012\/04\/DSC03295-copie-1024x768.jpg 1024w, http:\/\/anyma.ch\/blogs\/paysages-urbains\/wp-content\/uploads\/2012\/04\/DSC03295-copie.jpg 2048w\" sizes=\"(max-width: 300px) 100vw, 300px\" \/><\/a><\/p>\n<p>Le Bien Commun<\/p>\n<p>Les bulldozers de ces raseurs d\u00e9truisent avant tout notre bien commun, le patrimoine qui appartient \u00e0 l\u2019humanit\u00e9.\u00a0\u00a0Ces soustractions inflig\u00e9es, ces vols, ces pertes sont souvent d\u00e9finitives, irr\u00e9parables. Une plante ou un animal qui disparait, une langue qui s\u2019\u00e9teint, un quartier ras\u00e9 ou une \u0153uvre prot\u00e9g\u00e9e par un droit d\u2019auteur trop restrictif sont autant d\u2019\u00e9rosions et d\u2019atteintes au bien commun. Les terres vierges ont \u00e9t\u00e9 d\u00e9frich\u00e9es et sacrifi\u00e9s avec elles les \u00eatres qui les peuplaient. La diversit\u00e9 fait place \u00e0 une monoculture \u00e0 la fois biologique et culturelle. <a href=\"http:\/\/anyma.ch\/blogs\/paysages-urbains\/wp-content\/uploads\/2012\/04\/DSC03612-copie.jpg\"><img loading=\"lazy\" decoding=\"async\" class=\"alignleft size-medium wp-image-69\" title=\"DSC03612 - copie\" src=\"http:\/\/anyma.ch\/blogs\/paysages-urbains\/wp-content\/uploads\/2012\/04\/DSC03612-copie-300x225.jpg\" alt=\"\" width=\"300\" height=\"225\" srcset=\"http:\/\/anyma.ch\/blogs\/paysages-urbains\/wp-content\/uploads\/2012\/04\/DSC03612-copie-300x225.jpg 300w, http:\/\/anyma.ch\/blogs\/paysages-urbains\/wp-content\/uploads\/2012\/04\/DSC03612-copie-1024x768.jpg 1024w, http:\/\/anyma.ch\/blogs\/paysages-urbains\/wp-content\/uploads\/2012\/04\/DSC03612-copie.jpg 2048w\" sizes=\"(max-width: 300px) 100vw, 300px\" \/><\/a>Notre terre, nos villes, aussi d\u00e9vast\u00e9es soit-elles sont notre Bien-commun. Notre r\u00e9sistance \u00e0 la monoculture passe par une culture de la diversit\u00e9 tant culturelle que biologique. Aussi, naturellement, j\u2019imagine un festival itin\u00e9rant participant d\u2019une \u00e9cologie de la pens\u00e9e, d\u2019une culture de la diversit\u00e9. Une mani\u00e8re symbolique, mais pourquoi pas aussi physique de cartographier l\u2019existant, d\u2019identifier les zones, les niches, les friches, les caves, les cours int\u00e9rieures, les espaces petits ou grands o\u00f9 le multiple existe pour l\u2019\u00e9clairer d\u2019une <a href=\"http:\/\/anyma.ch\/blogs\/paysages-urbains\/wp-content\/uploads\/2012\/04\/IMG_1564-copie.jpg\"><img loading=\"lazy\" decoding=\"async\" class=\"alignleft size-medium wp-image-70\" title=\"IMG_1564 - copie\" src=\"http:\/\/anyma.ch\/blogs\/paysages-urbains\/wp-content\/uploads\/2012\/04\/IMG_1564-copie-300x200.jpg\" alt=\"\" width=\"300\" height=\"200\" srcset=\"http:\/\/anyma.ch\/blogs\/paysages-urbains\/wp-content\/uploads\/2012\/04\/IMG_1564-copie-300x200.jpg 300w, http:\/\/anyma.ch\/blogs\/paysages-urbains\/wp-content\/uploads\/2012\/04\/IMG_1564-copie-1024x682.jpg 1024w\" sizes=\"(max-width: 300px) 100vw, 300px\" \/><\/a>autre mani\u00e8re. Mais aussi semer des graines dans des br\u00e8ches ou simplement\u00a0\u00a0pr\u00e9server les petits espaces o\u00f9 le \u201csauvage\u201d reprend ces droits, faire de la place aux \u201cmauvaises herbes\u201d et \u00e0 des espaces de cr\u00e9ativit\u00e9. Un festival pour donner un peu plus de place au petit, au local et \u00e0 la g\u00e9n\u00e9rosit\u00e9 du vivant. Un festival pour r\u00e9sister avec nos moyens, aussi modestes soit-il \u00e0 l\u2019\u00e9rosion des cultures plurielles. Un festival pour laisser le foisonnant nous envahir et laisser vivre dans nos villes les chauves-souris, les grenouilles et les abeilles. Un festival pour rendre un peu plus perm\u00e9able les lignes droites et les fronti\u00e8res trac\u00e9es entre le sauvage et la culture. Cesser de vouloir tout ma\u00eetriser, faire de la place, ouvrir et laisser le lierre grimper sur nos cam\u00e9ras de surveillances.<a href=\"http:\/\/anyma.ch\/blogs\/paysages-urbains\/wp-content\/uploads\/2012\/04\/IMG_1568-copie.jpg\"><img loading=\"lazy\" decoding=\"async\" class=\"aligncenter size-medium wp-image-71\" title=\"IMG_1568 - copie\" src=\"http:\/\/anyma.ch\/blogs\/paysages-urbains\/wp-content\/uploads\/2012\/04\/IMG_1568-copie-300x200.jpg\" alt=\"\" width=\"300\" height=\"200\" srcset=\"http:\/\/anyma.ch\/blogs\/paysages-urbains\/wp-content\/uploads\/2012\/04\/IMG_1568-copie-300x200.jpg 300w, http:\/\/anyma.ch\/blogs\/paysages-urbains\/wp-content\/uploads\/2012\/04\/IMG_1568-copie-1024x682.jpg 1024w\" sizes=\"(max-width: 300px) 100vw, 300px\" \/><\/a><\/p>\n<p>&nbsp;<\/p>\n<p><a href=\"http:\/\/anyma.ch\/blogs\/paysages-urbains\/wp-content\/uploads\/2012\/04\/DSC03788-copie.jpg\"><img loading=\"lazy\" decoding=\"async\" class=\"aligncenter size-medium wp-image-72\" title=\"DSC03788 - copie\" src=\"http:\/\/anyma.ch\/blogs\/paysages-urbains\/wp-content\/uploads\/2012\/04\/DSC03788-copie-300x225.jpg\" alt=\"\" width=\"300\" height=\"225\" srcset=\"http:\/\/anyma.ch\/blogs\/paysages-urbains\/wp-content\/uploads\/2012\/04\/DSC03788-copie-300x225.jpg 300w, http:\/\/anyma.ch\/blogs\/paysages-urbains\/wp-content\/uploads\/2012\/04\/DSC03788-copie-1024x768.jpg 1024w, http:\/\/anyma.ch\/blogs\/paysages-urbains\/wp-content\/uploads\/2012\/04\/DSC03788-copie.jpg 2048w\" sizes=\"(max-width: 300px) 100vw, 300px\" \/><\/a><\/p>\n","protected":false},"excerpt":{"rendered":"<p>Il y a un mythe tr\u00e8s occidental qui glorifie celui qui est parti de rien et qui r\u00e9ussi brillamment, du conqu\u00e9rant qui transforme des terres sauvages en cultures \u00e0 perte de vue, du g\u00e9nie, de l\u2019inventeur qui, de son seul cerveau \u00e9nonce une d\u00e9couverte capable de faire avancer si ce n\u2019est le monde du moins [&hellip;]<\/p>\n","protected":false},"author":2,"featured_media":0,"comment_status":"open","ping_status":"open","sticky":false,"template":"","format":"standard","meta":{"footnotes":""},"categories":[1],"tags":[13,20,3,30],"_links":{"self":[{"href":"http:\/\/anyma.ch\/blogs\/paysages-urbains\/wp-json\/wp\/v2\/posts\/65"}],"collection":[{"href":"http:\/\/anyma.ch\/blogs\/paysages-urbains\/wp-json\/wp\/v2\/posts"}],"about":[{"href":"http:\/\/anyma.ch\/blogs\/paysages-urbains\/wp-json\/wp\/v2\/types\/post"}],"author":[{"embeddable":true,"href":"http:\/\/anyma.ch\/blogs\/paysages-urbains\/wp-json\/wp\/v2\/users\/2"}],"replies":[{"embeddable":true,"href":"http:\/\/anyma.ch\/blogs\/paysages-urbains\/wp-json\/wp\/v2\/comments?post=65"}],"version-history":[{"count":3,"href":"http:\/\/anyma.ch\/blogs\/paysages-urbains\/wp-json\/wp\/v2\/posts\/65\/revisions"}],"predecessor-version":[{"id":74,"href":"http:\/\/anyma.ch\/blogs\/paysages-urbains\/wp-json\/wp\/v2\/posts\/65\/revisions\/74"}],"wp:attachment":[{"href":"http:\/\/anyma.ch\/blogs\/paysages-urbains\/wp-json\/wp\/v2\/media?parent=65"}],"wp:term":[{"taxonomy":"category","embeddable":true,"href":"http:\/\/anyma.ch\/blogs\/paysages-urbains\/wp-json\/wp\/v2\/categories?post=65"},{"taxonomy":"post_tag","embeddable":true,"href":"http:\/\/anyma.ch\/blogs\/paysages-urbains\/wp-json\/wp\/v2\/tags?post=65"}],"curies":[{"name":"wp","href":"https:\/\/api.w.org\/{rel}","templated":true}]}}