{"id":83,"date":"2012-07-12T15:42:52","date_gmt":"2012-07-12T15:42:52","guid":{"rendered":"http:\/\/anyma.ch\/blogs\/paysages-urbains\/?p=83"},"modified":"2012-07-29T06:28:44","modified_gmt":"2012-07-29T06:28:44","slug":"le-jardin-aux-betteraves","status":"publish","type":"post","link":"http:\/\/anyma.ch\/blogs\/paysages-urbains\/2012\/07\/le-jardin-aux-betteraves\/","title":{"rendered":"La friche au printemps"},"content":{"rendered":"<p>Ce sol, ce lieu d\u2019exploration, d\u2019observation, d\u2019exp\u00e9rimentation se trouve \u00e0 Fribourg, \u00e0 la Rte des Arsenaux. Un accord de mise \u00e0 disposition de la friche jusqu\u2019en d\u00e9but 2015 \u00e0 \u00e9t\u00e9 sign\u00e9 avec le canton, propri\u00e9taire du lieu.<br \/>\nLa Tour Vagabonde vient d\u2019y \u00eatre mont\u00e9e, la pinte \u00e0 fondue aussi et, au printemps nous y avons commenc\u00e9 un jardin. <a href=\"http:\/\/anyma.ch\/blogs\/paysages-urbains\/wp-content\/uploads\/2012\/07\/IMG_8705.jpg\"><img loading=\"lazy\" decoding=\"async\" class=\"aligncenter size-medium wp-image-84\" title=\"IMG_8705\" src=\"http:\/\/anyma.ch\/blogs\/paysages-urbains\/wp-content\/uploads\/2012\/07\/IMG_8705-300x200.jpg\" alt=\"\" width=\"300\" height=\"200\" srcset=\"http:\/\/anyma.ch\/blogs\/paysages-urbains\/wp-content\/uploads\/2012\/07\/IMG_8705-300x200.jpg 300w, http:\/\/anyma.ch\/blogs\/paysages-urbains\/wp-content\/uploads\/2012\/07\/IMG_8705-1024x682.jpg 1024w\" sizes=\"(max-width: 300px) 100vw, 300px\" \/><\/a><\/p>\n<p>Vue de la friche depuis les voies ferr\u00e9es en avril dernier. A l&rsquo;avant plan on y voit l&rsquo;\u00e9tang qui s&rsquo;est form\u00e9 naturellement. Il est habit\u00e9, entre autre, par une foule de grenouilles et un coupe de canards. C&rsquo;est un lieu magique, extraordinaire, un ilot de biodiversit\u00e9 au c\u0153ur de la ville. Je ne sais pas quand l&rsquo;\u00e9tang c&rsquo;est form\u00e9 mais il est si riche et si peupl\u00e9 que j&rsquo;imagine qu&rsquo;il est l\u00e0 depuis plus de 10 ans\u2026<\/p>\n<p>Le printemps \u00e0 la friche\u2026<\/p>\n<p><a href=\"http:\/\/anyma.ch\/blogs\/paysages-urbains\/wp-content\/uploads\/2012\/07\/IMG_1642.jpg\"><img loading=\"lazy\" decoding=\"async\" class=\"aligncenter size-medium wp-image-100\" title=\"IMG_1642\" src=\"http:\/\/anyma.ch\/blogs\/paysages-urbains\/wp-content\/uploads\/2012\/07\/IMG_1642-224x300.jpg\" alt=\"\" width=\"224\" height=\"300\" srcset=\"http:\/\/anyma.ch\/blogs\/paysages-urbains\/wp-content\/uploads\/2012\/07\/IMG_1642-224x300.jpg 224w, http:\/\/anyma.ch\/blogs\/paysages-urbains\/wp-content\/uploads\/2012\/07\/IMG_1642-764x1024.jpg 764w, http:\/\/anyma.ch\/blogs\/paysages-urbains\/wp-content\/uploads\/2012\/07\/IMG_1642.jpg 1936w\" sizes=\"(max-width: 224px) 100vw, 224px\" \/><\/a><\/p>\n<p><a href=\"http:\/\/anyma.ch\/blogs\/paysages-urbains\/wp-content\/uploads\/2012\/07\/IMG_1645.jpg\"><img loading=\"lazy\" decoding=\"async\" class=\"aligncenter size-medium wp-image-101\" title=\"IMG_1645\" src=\"http:\/\/anyma.ch\/blogs\/paysages-urbains\/wp-content\/uploads\/2012\/07\/IMG_1645-300x224.jpg\" alt=\"\" width=\"300\" height=\"224\" srcset=\"http:\/\/anyma.ch\/blogs\/paysages-urbains\/wp-content\/uploads\/2012\/07\/IMG_1645-300x224.jpg 300w, http:\/\/anyma.ch\/blogs\/paysages-urbains\/wp-content\/uploads\/2012\/07\/IMG_1645-1024x764.jpg 1024w\" sizes=\"(max-width: 300px) 100vw, 300px\" \/><\/a><\/p>\n<p><a href=\"http:\/\/anyma.ch\/blogs\/paysages-urbains\/wp-content\/uploads\/2012\/07\/IMG_16661.jpg\"><img loading=\"lazy\" decoding=\"async\" class=\"aligncenter size-medium wp-image-117\" title=\"IMG_1666\" src=\"http:\/\/anyma.ch\/blogs\/paysages-urbains\/wp-content\/uploads\/2012\/07\/IMG_16661-300x224.jpg\" alt=\"\" width=\"300\" height=\"224\" srcset=\"http:\/\/anyma.ch\/blogs\/paysages-urbains\/wp-content\/uploads\/2012\/07\/IMG_16661-300x224.jpg 300w, http:\/\/anyma.ch\/blogs\/paysages-urbains\/wp-content\/uploads\/2012\/07\/IMG_16661-1024x764.jpg 1024w\" sizes=\"(max-width: 300px) 100vw, 300px\" \/><\/a><\/p>\n","protected":false},"excerpt":{"rendered":"<p>Ce sol, ce lieu d\u2019exploration, d\u2019observation, d\u2019exp\u00e9rimentation se trouve \u00e0 Fribourg, \u00e0 la Rte des Arsenaux. Un accord de mise \u00e0 disposition de la friche jusqu\u2019en d\u00e9but 2015 \u00e0 \u00e9t\u00e9 sign\u00e9 avec le canton, propri\u00e9taire du lieu. La Tour Vagabonde vient d\u2019y \u00eatre mont\u00e9e, la pinte \u00e0 fondue aussi et, au printemps nous y avons [&hellip;]<\/p>\n","protected":false},"author":2,"featured_media":0,"comment_status":"open","ping_status":"open","sticky":false,"template":"","format":"standard","meta":{"footnotes":""},"categories":[1],"tags":[20,34,3,32],"_links":{"self":[{"href":"http:\/\/anyma.ch\/blogs\/paysages-urbains\/wp-json\/wp\/v2\/posts\/83"}],"collection":[{"href":"http:\/\/anyma.ch\/blogs\/paysages-urbains\/wp-json\/wp\/v2\/posts"}],"about":[{"href":"http:\/\/anyma.ch\/blogs\/paysages-urbains\/wp-json\/wp\/v2\/types\/post"}],"author":[{"embeddable":true,"href":"http:\/\/anyma.ch\/blogs\/paysages-urbains\/wp-json\/wp\/v2\/users\/2"}],"replies":[{"embeddable":true,"href":"http:\/\/anyma.ch\/blogs\/paysages-urbains\/wp-json\/wp\/v2\/comments?post=83"}],"version-history":[{"count":4,"href":"http:\/\/anyma.ch\/blogs\/paysages-urbains\/wp-json\/wp\/v2\/posts\/83\/revisions"}],"predecessor-version":[{"id":147,"href":"http:\/\/anyma.ch\/blogs\/paysages-urbains\/wp-json\/wp\/v2\/posts\/83\/revisions\/147"}],"wp:attachment":[{"href":"http:\/\/anyma.ch\/blogs\/paysages-urbains\/wp-json\/wp\/v2\/media?parent=83"}],"wp:term":[{"taxonomy":"category","embeddable":true,"href":"http:\/\/anyma.ch\/blogs\/paysages-urbains\/wp-json\/wp\/v2\/categories?post=83"},{"taxonomy":"post_tag","embeddable":true,"href":"http:\/\/anyma.ch\/blogs\/paysages-urbains\/wp-json\/wp\/v2\/tags?post=83"}],"curies":[{"name":"wp","href":"https:\/\/api.w.org\/{rel}","templated":true}]}}